{"id":3808,"date":"2015-11-02T05:11:56","date_gmt":"2015-11-02T15:11:56","guid":{"rendered":"https:\/\/serveur-tahiti-vanille.com\/tahiti-vanille\/producteur-artisan-de-qualite\/"},"modified":"2015-11-02T05:11:56","modified_gmt":"2015-11-02T15:11:56","slug":"producteur-artisan-de-qualite","status":"publish","type":"post","link":"https:\/\/tahiti-vanille.com\/en\/producteur-artisan-de-qualite\/","title":{"rendered":"Producteur Artisan de Qualit\u00e9"},"content":{"rendered":"<p><strong>Producteur Artisan de Qualit\u00e9 Reconnu par Le Coll\u00e8ge Culinaire de France<\/strong><\/p>\n<p>Le Coll\u00e8ge Culinaire de France, cr\u00e9\u00e9 \u00e0 l\u2019initiative de 15 chefs fran\u00e7ais, est une association ouverte \u00e0 tous les acteurs de la gastronomie qui partagent les m\u00eames valeurs, en France et \u00e0 l\u2019\u00e9tranger.<\/p>\n<p>L\u2019association se donne notamment pour mission de repr\u00e9senter, promouvoir et transmettre l\u2019identit\u00e9 de la cuisine fran\u00e7aise ainsi que la diversit\u00e9, la tradition et la capacit\u00e9 d\u2019innovation qui la caract\u00e9risent.<\/p>\n<p>Le Coll\u00e8ge Culinaire de France ambitionne \u00e9galement de faire reconnaitre la r\u00e9alit\u00e9 \u00e9conomique de ce secteur et de contribuer activement \u00e0 son dynamisme.<\/p>\n<p>Les grands chefs fran\u00e7ais sont r\u00e9unis pour promouvoir et transmettre les valeurs de la gastronomie : l\u2019unit\u00e9, la solidarit\u00e9 et le respect ; la transmission et le partage ; l\u2019engagement et la responsabilit\u00e9 ; l\u2019ouverture et le dynamisme ; l\u2019excellence et la rigueur.<\/p>\n<p>Trois grands objectifs :<\/p>\n<ul>\n<li>Promouvoir la gastronomie dans ses r\u00e9alit\u00e9s \u00e9conomique, sociale et culturelle ;<\/li>\n<li>Promouvoir les produits d\u2019excellence et le travail des producteurs exigeants<\/li>\n<li> Promouvoir les jeunes talents.<\/li>\n<\/ul>\n<p>&nbsp;<\/p>\n<p><img fetchpriority=\"high\" decoding=\"async\" class=\"alignnone size-medium wp-image-2462\" src=\"http:\/\/dev.tahiti-vanille.com\/wp-content\/uploads\/2023\/11\/MANIFESTE1-copie-425x600.jpg\" alt=\"\" width=\"425\" height=\"600\" srcset=\"https:\/\/tahiti-vanille.com\/wp-content\/uploads\/2023\/11\/MANIFESTE1-copie-425x600.jpg 425w, https:\/\/tahiti-vanille.com\/wp-content\/uploads\/2023\/11\/MANIFESTE1-copie-600x847.jpg 600w, https:\/\/tahiti-vanille.com\/wp-content\/uploads\/2023\/11\/MANIFESTE1-copie-726x1024.jpg 726w, https:\/\/tahiti-vanille.com\/wp-content\/uploads\/2023\/11\/MANIFESTE1-copie-768x1084.jpg 768w, https:\/\/tahiti-vanille.com\/wp-content\/uploads\/2023\/11\/MANIFESTE1-copie.jpg 1063w\" sizes=\"(max-width: 425px) 100vw, 425px\" \/><\/p>\n<table class=\"aligncenter\" width=\"327\" align=\"center\">\n<tbody>\n<tr align=\"center\">\n<td colspan=\"2\" valign=\"bottom\" width=\"100%\" height=\"30\"><strong>LES CO-PRESIDENTS<\/strong><\/td>\n<\/tr>\n<tr align=\"left\">\n<td width=\"50%\"><\/td>\n<td width=\"50%\"><\/td>\n<\/tr>\n<tr>\n<td width=\"50%\"><a href=\"http:\/\/www.alain-ducasse.com\/\">Alain Ducasse<\/a><\/td>\n<td width=\"50%\"><a href=\"http:\/\/www.joel-robuchon.com\/fr\/\">Jo\u00ebl Robuchon<\/a><\/td>\n<\/tr>\n<tr align=\"center\">\n<td colspan=\"2\" valign=\"bottom\" width=\"100%\" height=\"30\"><strong>LES MEMBRES D\u2019HONNEUR<\/strong><\/td>\n<\/tr>\n<tr align=\"left\">\n<td width=\"50%\"><\/td>\n<td width=\"50%\"><\/td>\n<\/tr>\n<tr>\n<td width=\"50%\"><a href=\"http:\/\/www.bocuse.fr\/\">Paul Bocuse<\/a><\/td>\n<td width=\"50%\"><a href=\"http:\/\/www.michelguerard.com\/\">Michel Gu\u00e9rard<\/a><\/td>\n<\/tr>\n<tr align=\"left\">\n<td width=\"50%\"><\/td>\n<td width=\"50%\"><\/td>\n<\/tr>\n<tr>\n<td width=\"50%\"><a href=\"http:\/\/www.troisgros.fr\/\">Pierre Troisgros<\/a><\/td>\n<td width=\"50%\"><\/td>\n<\/tr>\n<tr align=\"center\">\n<td colspan=\"2\" valign=\"bottom\" width=\"100%\" height=\"30\"><strong>LES CHEFS FONDATEURS<\/strong><\/td>\n<\/tr>\n<tr align=\"left\">\n<td><\/td>\n<td width=\"50%\"><\/td>\n<\/tr>\n<tr>\n<td width=\"50%\"><a href=\"http:\/\/www.yannick-alleno.com\/\">Yannick All\u00e9no<\/a><\/td>\n<td width=\"50%\"><a href=\"http:\/\/www.alaindutournier.com\/\">Alain Dutournier<\/a><\/td>\n<\/tr>\n<tr align=\"left\">\n<td width=\"50%\"><\/td>\n<td width=\"50%\"><\/td>\n<\/tr>\n<tr>\n<td width=\"50%\"><a href=\"http:\/\/www.aubergeduvieuxpuits.fr\/\">Gilles Goujon<\/a><\/td>\n<td width=\"50%\"><a href=\"http:\/\/www.auberge-de-l-ill.com\/\">Marc Haeberlin<\/a><\/td>\n<\/tr>\n<tr align=\"left\">\n<td width=\"50%\"><\/td>\n<td width=\"50%\"><\/td>\n<\/tr>\n<tr>\n<td width=\"50%\"><a href=\"http:\/\/www.regismarcon.fr\/\">R\u00e9gis Marcon<\/a><\/td>\n<td width=\"50%\"><a href=\"http:\/\/www.thierrymarx.com\/\">Thierry Marx<\/a><\/td>\n<\/tr>\n<tr align=\"left\">\n<td width=\"50%\"><\/td>\n<td width=\"50%\"><\/td>\n<\/tr>\n<tr>\n<td width=\"50%\"><a href=\"http:\/\/www.passedat.fr\/\">G\u00e9rald Pass\u00e9dat<\/a><\/td>\n<td width=\"50%\"><a href=\"http:\/\/www.closdessens.com\/\">Laurent Petit<\/a><\/td>\n<\/tr>\n<tr align=\"left\">\n<td width=\"50%\"><\/td>\n<td width=\"50%\"><\/td>\n<\/tr>\n<tr>\n<td width=\"50%\"><a href=\"http:\/\/www.pic-valence.com\/\">Anne-Sophie Pic<\/a><\/td>\n<td width=\"50%\"><a href=\"http:\/\/www.guysavoy.com\/\">Guy Savoy<\/a><\/td>\n<\/tr>\n<tr align=\"center\">\n<td colspan=\"2\" valign=\"bottom\" width=\"100%\" height=\"30\"><strong>AUTRES FONDATEURS : LES DELEGUES GENERAUX<\/strong><\/td>\n<\/tr>\n<tr align=\"left\">\n<td><\/td>\n<td><\/td>\n<\/tr>\n<tr>\n<td width=\"50%\"><a href=\"http:\/\/www.gtvproductions.fr\/guy-job\/\">Guy Job<\/a><\/td>\n<td width=\"50%\"><a href=\"http:\/\/www.college-culinaire-de-france.fr\/laurent-plantier-2\/\">Laurent Plantier<\/a><\/td>\n<\/tr>\n<\/tbody>\n<\/table>\n","protected":false},"excerpt":{"rendered":"<p>Producteur Artisan de Qualit\u00e9 Reconnu par Le Coll\u00e8ge Culinaire de France Le Coll\u00e8ge Culinaire de France, cr\u00e9\u00e9 \u00e0 l\u2019initiative de 15 chefs fran\u00e7ais, est une association ouverte \u00e0 tous les acteurs de la gastronomie qui partagent les m\u00eames valeurs, en France et \u00e0 l\u2019\u00e9tranger. L\u2019association se donne notamment pour mission de repr\u00e9senter, promouvoir et transmettre [&hellip;]<\/p>\n","protected":false},"author":5,"featured_media":2466,"comment_status":"open","ping_status":"open","sticky":false,"template":"","format":"standard","meta":{"_acf_changed":false,"wds_primary_category":0,"footnotes":""},"categories":[181,94],"tags":[],"class_list":["post-3808","post","type-post","status-publish","format-standard","has-post-thumbnail","hentry","category-medals","category-news"],"acf":[],"_links":{"self":[{"href":"https:\/\/tahiti-vanille.com\/en\/wp-json\/wp\/v2\/posts\/3808","targetHints":{"allow":["GET"]}}],"collection":[{"href":"https:\/\/tahiti-vanille.com\/en\/wp-json\/wp\/v2\/posts"}],"about":[{"href":"https:\/\/tahiti-vanille.com\/en\/wp-json\/wp\/v2\/types\/post"}],"author":[{"embeddable":true,"href":"https:\/\/tahiti-vanille.com\/en\/wp-json\/wp\/v2\/users\/5"}],"replies":[{"embeddable":true,"href":"https:\/\/tahiti-vanille.com\/en\/wp-json\/wp\/v2\/comments?post=3808"}],"version-history":[{"count":0,"href":"https:\/\/tahiti-vanille.com\/en\/wp-json\/wp\/v2\/posts\/3808\/revisions"}],"wp:featuredmedia":[{"embeddable":true,"href":"https:\/\/tahiti-vanille.com\/en\/wp-json\/wp\/v2\/media\/2466"}],"wp:attachment":[{"href":"https:\/\/tahiti-vanille.com\/en\/wp-json\/wp\/v2\/media?parent=3808"}],"wp:term":[{"taxonomy":"category","embeddable":true,"href":"https:\/\/tahiti-vanille.com\/en\/wp-json\/wp\/v2\/categories?post=3808"},{"taxonomy":"post_tag","embeddable":true,"href":"https:\/\/tahiti-vanille.com\/en\/wp-json\/wp\/v2\/tags?post=3808"}],"curies":[{"name":"wp","href":"https:\/\/api.w.org\/{rel}","templated":true}]}}